{"id":1805,"date":"2024-04-08T09:29:08","date_gmt":"2024-04-08T09:29:08","guid":{"rendered":"https:\/\/magyaregres.eu\/?p=1805"},"modified":"2024-04-08T09:29:08","modified_gmt":"2024-04-08T09:29:08","slug":"formanyomtatvany-a-rendszeres-gyermekvedelmi-kedvezmeny-megallapitasahoz","status":"publish","type":"post","link":"http:\/\/magyaregres.eu\/index.php\/2024\/04\/08\/formanyomtatvany-a-rendszeres-gyermekvedelmi-kedvezmeny-megallapitasahoz\/","title":{"rendered":"FORMANYOMTATV\u00c1NY   a rendszeres gyermekv\u00e9delmi kedvezm\u00e9ny meg\u00e1llap\u00edt\u00e1s\u00e1hoz&#8230;"},"content":{"rendered":"<p>Let\u00f6lt\u00e9s:<a href=\"http:\/\/magyaregres.eu\/wp-content\/uploads\/2024\/04\/Formanyomtatvany_RGYK-jogosultsaghoz-es-hatranyos-helyzet-megallapitasah.doc\">Formanyomtatv\u00e1ny_RGYK jogosults\u00e1ghoz \u00e9s h\u00e1tr\u00e1nyos helyzet meg\u00e1llap\u00edt\u00e1s\u00e1h&#8230;<\/a><\/p>\n<p><span style=\"background-color: var(--color_content_background); color: var(--color_content_text); font-family: var(--typography_fonts_text);\">FORMANYOMTATV\u00c1NY<\/span><\/p>\n<p>a rendszeres gyermekv\u00e9delmi kedvezm\u00e9ny meg\u00e1llap\u00edt\u00e1s\u00e1hoz \u00e9s fel\u00fclvizsg\u00e1lat\u00e1hoz [A) lap], valamint a h\u00e1tr\u00e1nyos, halmozottan h\u00e1tr\u00e1nyos helyzet fenn\u00e1ll\u00e1s\u00e1nak meg\u00e1llap\u00edt\u00e1s\u00e1hoz [B) lap]<br \/>\nA) lap<br \/>\nAlul\u00edrott k\u00e9rem, hogy gyermekem, gyermekeim r\u00e9sz\u00e9re\/r\u00e9szemre (a megfelel\u0151 al\u00e1h\u00fazand\u00f3) rendszeres gyermekv\u00e9delmi kedvezm\u00e9nyre val\u00f3 jogosults\u00e1got meg\u00e1llap\u00edtani sz\u00edveskedjenek.<br \/>\nI. Szem\u00e9lyi adatok<br \/>\n1. A k\u00e9relmez\u0151 szem\u00e9lyre vonatkoz\u00f3 adatok:<br \/>\nNeve: &#8230;&#8230;&#8230;&#8230;&#8230;&#8230;&#8230;&#8230;&#8230;&#8230;&#8230;&#8230;&#8230;&#8230;&#8230;&#8230;&#8230;&#8230;&#8230;&#8230;&#8230;&#8230;&#8230;&#8230;&#8230;&#8230;&#8230;&#8230;&#8230;&#8230;&#8230;&#8230;&#8230;&#8230;&#8230;&#8230;&#8230;&#8230;&#8230;&#8230;&#8230;&#8230;&#8230;&#8230;&#8230;&#8230;&#8230;&#8230;..<br \/>\nSz\u00fclet\u00e9si neve: &#8230;&#8230;&#8230;&#8230;&#8230;&#8230;&#8230;&#8230;&#8230;&#8230;&#8230;&#8230;&#8230;&#8230;&#8230;&#8230;&#8230;&#8230;&#8230;&#8230;&#8230;&#8230;&#8230;&#8230;&#8230;&#8230;&#8230;&#8230;&#8230;&#8230;&#8230;&#8230;&#8230;&#8230;&#8230;&#8230;&#8230;&#8230;&#8230;&#8230;&#8230;&#8230;&#8230;&#8230;<br \/>\nAnyja neve: &#8230;&#8230;&#8230;&#8230;&#8230;&#8230;&#8230;&#8230;&#8230;&#8230;&#8230;&#8230;&#8230;&#8230;&#8230;&#8230;&#8230;&#8230;&#8230;&#8230;&#8230;&#8230;&#8230;&#8230;&#8230;&#8230;&#8230;&#8230;&#8230;&#8230;&#8230;&#8230;&#8230;&#8230;&#8230;&#8230;&#8230;&#8230;&#8230;&#8230;&#8230;&#8230;&#8230;&#8230;&#8230;.<br \/>\nSz\u00fclet\u00e9s helye, ideje: &#8230;&#8230;&#8230;&#8230;&#8230;&#8230;&#8230;&#8230;&#8230;&#8230;&#8230;&#8230;&#8230;&#8230;&#8230;&#8230;&#8230;&#8230;&#8230;&#8230;&#8230;&#8230;&#8230;&#8230;&#8230;&#8230;&#8230;&#8230;&#8230;&#8230;&#8230;&#8230;&#8230;&#8230;&#8230;&#8230;&#8230;&#8230;&#8230;&#8230;..<br \/>\nLak\u00f3hely: _ _ _ _ ir\u00e1ny\u00edt\u00f3sz\u00e1m &#8230;&#8230;&#8230;&#8230;&#8230;&#8230;&#8230;&#8230;&#8230;&#8230;&#8230;&#8230;&#8230;&#8230;&#8230;&#8230;&#8230;&#8230;&#8230;&#8230;&#8230;&#8230;&#8230;&#8230;&#8230;&#8230;.. telep\u00fcl\u00e9s<br \/>\n&#8230;&#8230;&#8230;&#8230;&#8230;&#8230;&#8230;&#8230;&#8230;&#8230;&#8230; utca\/\u00fat\/t\u00e9r &#8230;&#8230;&#8230;&#8230;.. h\u00e1zsz\u00e1m &#8230;&#8230;&#8230;&#8230; \u00e9p\u00fclet\/l\u00e9pcs\u0151h\u00e1z &#8230;&#8230;&#8230;&#8230;&#8230;&#8230; emelet, ajt\u00f3<br \/>\nTart\u00f3zkod\u00e1si hely: _ _ _ _ ir\u00e1ny\u00edt\u00f3sz\u00e1m &#8230;&#8230;&#8230;&#8230;&#8230;&#8230;&#8230;&#8230;&#8230;&#8230;&#8230;&#8230;&#8230;&#8230;&#8230;&#8230;&#8230;&#8230;&#8230;&#8230;&#8230;&#8230;. telep\u00fcl\u00e9s<br \/>\n&#8230;&#8230;&#8230;&#8230;&#8230;&#8230;&#8230;&#8230;&#8230;&#8230;&#8230;&#8230;&#8230; utca\/\u00fat\/t\u00e9r &#8230;&#8230;&#8230;&#8230;.. h\u00e1zsz\u00e1m &#8230;&#8230;&#8230;. \u00e9p\u00fclet\/l\u00e9pcs\u0151h\u00e1z &#8230;&#8230;&#8230;&#8230;.. emelet, ajt\u00f3<br \/>\n(A lak\u00f3hely \u00e9s a tart\u00f3zkod\u00e1si hely megad\u00e1sakor a lakc\u00edmnyilv\u00e1ntart\u00e1sba bejelentett lak\u00f3helyet, tart\u00f3zkod\u00e1si helyet kell felt\u00fcntetni.)<br \/>\nT\u00e1rsadalombiztos\u00edt\u00e1si Azonos\u00edt\u00f3 Jele (TAJ): _ _ _-_ _ _-_ _ _<br \/>\n\u00c1llampolg\u00e1rs\u00e1ga: &#8230;&#8230;&#8230;&#8230;&#8230;&#8230;&#8230;&#8230;&#8230;&#8230;&#8230;&#8230;&#8230;&#8230;&#8230;&#8230;&#8230;&#8230;&#8230;&#8230;&#8230;&#8230;&#8230;&#8230;&#8230;&#8230;&#8230;&#8230;&#8230;&#8230;&#8230;&#8230;&#8230;<br \/>\n(Nem magyar \u00e1llampolg\u00e1r eset\u00e9n fel kell t\u00fcntetni, ha a szem\u00e9ly bev\u00e1ndorolt, letelepedett, vagy huzamos tart\u00f3zkod\u00e1si jogosults\u00e1ggal rendelkez\u0151, illetve befogadott, menek\u00fclt, oltalmazott vagy hontalan jog\u00e1ll\u00e1s\u00fa.)<br \/>\nTelefonsz\u00e1m (nem k\u00f6telez\u0151 megadni): &#8230;&#8230;&#8230;&#8230;&#8230;&#8230;&#8230;&#8230;&#8230;&#8230;&#8230;&#8230;&#8230;&#8230;&#8230;&#8230;&#8230;&#8230;&#8230;&#8230;&#8230;&#8230;<br \/>\nE-mail c\u00edm (nem k\u00f6telez\u0151 megadni): &#8230;&#8230;&#8230;&#8230;&#8230;&#8230;&#8230;&#8230;&#8230;&#8230;&#8230;&#8230;&#8230;&#8230;&#8230;&#8230;&#8230;&#8230;&#8230;&#8230;&#8230;&#8230;&#8230;<\/p>\n<p>2. A k\u00e9relmez\u0151vel a k\u00e9relem beny\u00fajt\u00e1s\u00e1nak id\u0151pontj\u00e1ban k\u00f6z\u00f6s h\u00e1ztart\u00e1sban \u00e9l\u0151 k\u00f6zeli hozz\u00e1tartoz\u00f3k sz\u00e1ma: &#8230;&#8230;&#8230;&#8230;&#8230; f\u0151.<\/p>\n<p>3. A k\u00e9relem beny\u00fajt\u00e1s\u00e1nak id\u0151pontj\u00e1ban a k\u00e9relmez\u0151vel k\u00f6z\u00f6s h\u00e1ztart\u00e1sban \u00e9l\u0151 (egy lak\u00e1sban egy\u00fctt lak\u00f3, ott bejelentett lak\u00f3hellyel vagy tart\u00f3zkod\u00e1si hellyel rendelkez\u0151), az egy f\u0151re jut\u00f3 j\u00f6vedelem sz\u00e1m\u00edt\u00e1sa szempontj\u00e1b\u00f3l figyelembe vehet\u0151 k\u00f6zeli hozz\u00e1tartoz\u00f3k (gondoz\u00f3 csal\u00e1d) adatai:<\/p>\n<p>3\/A t\u00e1bl\u00e1zat:<br \/>\nNeve \u00e9s sz\u00fclet\u00e9si neve Sz\u00fclet\u00e9si helye, ideje Anyja neve \u00c1llampolg\u00e1rs\u00e1ga T\u00e1rsadalombiztos\u00edt\u00e1si Azonos\u00edt\u00f3<br \/>\nJele (TAJ)<br \/>\n1. H\u00e1zast\u00e1rsa, \u00e9lett\u00e1rsa _ _ _-_ _ _-_ _ _<br \/>\n2. Egy\u00e9b rokon (akinek eltart\u00e1s\u00e1r\u00f3l gondoskodik) _ _ _-_ _ _-_ _ _<br \/>\n3. Gyermekei _ _ _-_ _ _-_ _ _<br \/>\n_ _ _-_ _ _-_ _ _<br \/>\n_ _ _-_ _ _-_ _ _<br \/>\n_ _ _-_ _ _-_ _ _<br \/>\n_ _ _-_ _ _-_ _ _<br \/>\n3\/B t\u00e1bl\u00e1zat: (a 3\/B t\u00e1bl\u00e1zatot kell kit\u00f6lteni, ha a jogosults\u00e1g meg\u00e1llap\u00edt\u00e1s\u00e1t nagykor\u00fa gyermek, saj\u00e1t jog\u00e1n k\u00e9relmezi!)<br \/>\nNeve \u00e9s sz\u00fclet\u00e9si neve Sz\u00fclet\u00e9si helye, ideje Anyja neve \u00c1llampolg\u00e1rs\u00e1ga T\u00e1rsadalombiztos\u00edt\u00e1si Azonos\u00edt\u00f3<br \/>\nJele (TAJ)<br \/>\n1. Sz\u00fcl\u0151 _ _ _-_ _ _-_ _ _<br \/>\n2. Sz\u00fcl\u0151 h\u00e1zast\u00e1rsa\/\u00e9lett\u00e1rsa _ _ _-_ _ _-_ _ _<br \/>\n3. K\u00e9relmez\u0151 testv\u00e9rei _ _ _-_ _ _-_ _ _<br \/>\n_ _ _-_ _ _-_ _ _<br \/>\n_ _ _-_ _ _-_ _ _<br \/>\n_ _ _-_ _ _-_ _ _<br \/>\nMegjegyz\u00e9s:<br \/>\nA 3\/A t\u00e1bl\u00e1zat 2. pontj\u00e1ban a t\u00e1bl\u00e1zat 1. \u00e9s 3. pontj\u00e1ba nem tartoz\u00f3, a Polg\u00e1ri T\u00f6rv\u00e9nyk\u00f6nyvr\u0151l sz\u00f3l\u00f3 2013. \u00e9vi V. t\u00f6rv\u00e9ny Negyedik K\u00f6nyve alapj\u00e1n a sz\u00fcl\u0151 vagy h\u00e1zast\u00e1rsa \u00e1ltal eltartott rokont kell felt\u00fcntetni.<br \/>\n2. A 3\/A \u00e9s 3\/B t\u00e1bl\u00e1zat 3. pontj\u00e1ban a 20 \u00e9vesn\u00e9l fiatalabb, \u00f6n\u00e1ll\u00f3 keresettel nem rendelkez\u0151 gyermeket; a 23 \u00e9vesn\u00e9l fiatalabb, \u00f6n\u00e1ll\u00f3 keresettel nem rendelkez\u0151, nappali oktat\u00e1s munkarendje szerint tanulm\u00e1nyokat folytat\u00f3 gyermeket (nappali tagozaton k\u00f6z\u00e9pfok\u00fa iskol\u00e1ban, szakk\u00e9pz\u0151 int\u00e9zm\u00e9nyben tanul\u00f3 gyermeket); a 25 \u00e9vesn\u00e9l fiatalabb, \u00f6n\u00e1ll\u00f3 keresettel nem rendelkez\u0151, fels\u0151oktat\u00e1si int\u00e9zm\u00e9ny nappali tagozat\u00e1n tanulm\u00e1nyokat folytat\u00f3 gyermeket; tov\u00e1bb\u00e1 korhat\u00e1rra tekintet n\u00e9lk\u00fcl a tart\u00f3san beteg, illetve s\u00falyosan fogyat\u00e9kos gyermeket kell felt\u00fcntetni. Gyermekeken a k\u00e9relmez\u0151 sz\u00fcl\u0151 v\u00e9r szerinti, \u00f6r\u00f6kbe fogadott, valamint a h\u00e1zast\u00e1rs \u00e9s az \u00e9lett\u00e1rs gyermekeit egyar\u00e1nt \u00e9rteni kell.<br \/>\n3. A 3\/A \u00e9s 3\/B t\u00e1bl\u00e1zat \u201e\u00c1llampolg\u00e1rs\u00e1ga\u201d oszlop\u00e1ban a nem magyar \u00e1llampolg\u00e1r eset\u00e9n fel kell t\u00fcntetni azt is, ha a szem\u00e9ly bev\u00e1ndorolt, letelepedett, vagy huzamos tart\u00f3zkod\u00e1si jogosults\u00e1ggal rendelkez\u0151, illetve befogadott-, menek\u00fclt-, oltalmazott vagy hontalan jog\u00e1ll\u00e1s\u00fa.<\/p>\n<p>4. A rendszeres gyermekv\u00e9delmi kedvezm\u00e9nyre val\u00f3 jogosults\u00e1g els\u0151 alkalommal t\u00f6rt\u00e9n\u0151 meg\u00e1llap\u00edt\u00e1sa eset\u00e9n az int\u00e9zm\u00e9nyi gyermek\u00e9tkeztet\u00e9s biztos\u00edt\u00e1sa c\u00e9lj\u00e1b\u00f3l az al\u00e1bbi gyermek(ek) vonatkoz\u00e1s\u00e1ban k\u00e9rem a v\u00e9glegess\u00e9 v\u00e1lt hat\u00e1rozat egy p\u00e9ld\u00e1ny\u00e1nak megk\u00fcld\u00e9s\u00e9t az ell\u00e1t\u00e1st biztos\u00edt\u00f3 int\u00e9zm\u00e9ny r\u00e9sz\u00e9re:<br \/>\nGyermek neve A gyermek\u00e9tkeztet\u00e9st<br \/>\nbiztos\u00edt\u00f3 int\u00e9zm\u00e9ny teljes<br \/>\nneve A gyermek\u00e9tkeztet\u00e9st biztos\u00edt\u00f3<br \/>\nint\u00e9zm\u00e9ny c\u00edme (ir\u00e1ny\u00edt\u00f3sz\u00e1m, telep\u00fcl\u00e9sn\u00e9v, utca, h\u00e1zsz\u00e1m) A gyermek az<br \/>\nint\u00e9zm\u00e9nyi \u00e9tkeztet\u00e9st ig\u00e9nybe veszi (a megfelel\u0151 v\u00e1lasz al\u00e1h\u00faz\u00e1ssal jel\u00f6lend\u0151)<br \/>\nigen\/nem<br \/>\nigen\/nem<br \/>\nigen\/nem<br \/>\nigen\/nem<br \/>\nMegjegyz\u00e9s: A rendszeres gyermekv\u00e9delmi kedvezm\u00e9nyben r\u00e9szes\u00fcl\u0151 b\u00f6lcs\u0151d\u00e9s, \u00f3vod\u00e1s, 1-8. \u00e9vfolyamon nappali rendszer\u0171 iskolai oktat\u00e1sban r\u00e9szt vev\u0151, valamint a rendszeres gyermekv\u00e9delmi kedvezm\u00e9nyben r\u00e9szes\u00fcl\u0151, fogyat\u00e9kos gyermek sz\u00e1m\u00e1ra nappali ell\u00e1t\u00e1st ny\u00fajt\u00f3, a szoci\u00e1lis igazgat\u00e1sr\u00f3l \u00e9s szoci\u00e1lis ell\u00e1t\u00e1sokr\u00f3l sz\u00f3l\u00f3 1993. \u00e9vi III. t\u00f6rv\u00e9ny hat\u00e1lya al\u00e1 tartoz\u00f3 int\u00e9zm\u00e9nyben elhelyezett 0-14 \u00e9ves kor\u00fa gyermek sz\u00e1m\u00e1ra az \u00e9tkeztet\u00e9st t\u00e9r\u00edt\u00e9smentesen kell biztos\u00edtani. Tov\u00e1bb\u00e1 a rendszeres gyermekv\u00e9delmi kedvezm\u00e9nyben r\u00e9szes\u00fcl\u0151 1-8 \u00e9vfolyamon fel\u00fcl nappali rendszer\u0171 iskolai oktat\u00e1sban r\u00e9szt vev\u0151 tanul\u00f3 sz\u00e1m\u00e1ra, amennyiben az int\u00e9zm\u00e9nyben \u00e9tkez\u00e9st is ig\u00e9nybe vesz, 50%-os t\u00e9r\u00edt\u00e9si d\u00edj kedvezm\u00e9nyt kell biztos\u00edtani [a gyermekek v\u00e9delm\u00e9r\u0151l \u00e9s a gy\u00e1m\u00fcgyi igazgat\u00e1sr\u00f3l sz\u00f3l\u00f3 1997. \u00e9vi XXXI. t\u00f6rv\u00e9ny 21\/B. \u00a7 (1) bekezd\u00e9s a) pont aa) alpontja, b) pont ba) alpontja, c) pontja \u00e9s (2) bekezd\u00e9s a) pontja ].<br \/>\n5. Kijelentem, hogy<br \/>\na) gyermekemet, gyermekeimet egyed\u00fcl\u00e1ll\u00f3k\u00e9nt gondozom,<br \/>\nb) gyermekem tart\u00f3san beteg, illetve s\u00falyosan fogyat\u00e9kos,<br \/>\nc) a nagykor\u00fav\u00e1 v\u00e1lt gyermek a 3\/A \u00e9s 3\/B t\u00e1bl\u00e1zat 3. pontj\u00e1hoz kapcsol\u00f3d\u00f3 megjegyz\u00e9sben foglalt felt\u00e9teleknek megfelel,<br \/>\nd) a kiskor\u00fa gyermek, gyermekek csal\u00e1dbafogad\u00f3 gy\u00e1mul rendelt hozz\u00e1tartoz\u00f3ja vagyok.<br \/>\n(Aktu\u00e1lis r\u00e9sz x-szel vagy al\u00e1h\u00faz\u00e1ssal jel\u00f6lend\u0151!)<br \/>\n6. [Kiz\u00e1r\u00f3lag az 5. d) pont bejel\u00f6l\u00e9se eset\u00e9n kit\u00f6ltend\u0151!]<br \/>\n6\/a. Alul\u00edrott, mint a kiskor\u00fa gyermek csal\u00e1dbafogad\u00f3 gy\u00e1mk\u00e9nt kirendelt hozz\u00e1tartoz\u00f3ja, kijelentem, hogy<br \/>\n\u25a1 nyugell\u00e1t\u00e1sban,<br \/>\n\u25a1 megv\u00e1ltozott munkak\u00e9pess\u00e9g\u0171 szem\u00e9lyek ell\u00e1t\u00e1s\u00e1ban (p\u00e9ld\u00e1ul rokkants\u00e1gi ell\u00e1t\u00e1s, rehabilit\u00e1ci\u00f3s ell\u00e1t\u00e1s),<br \/>\n\u25a1 korhat\u00e1r el\u0151tti ell\u00e1t\u00e1sban,<br \/>\n\u25a1 szolg\u00e1lati j\u00e1rand\u00f3s\u00e1gban,<br \/>\n\u25a1 t\u00e1ncm\u0171v\u00e9szeti \u00e9letj\u00e1rad\u00e9kban,<br \/>\n\u25a1 \u00e1tmeneti b\u00e1ny\u00e1szj\u00e1rad\u00e9kban,<br \/>\n\u25a1 id\u0151skor\u00faak j\u00e1rad\u00e9k\u00e1ban, vagy<br \/>\n\u25a1 a nyugell\u00e1t\u00e1sok \u00e9s egyes m\u00e1s ell\u00e1t\u00e1sok emel\u00e9s\u00e9r\u0151l sz\u00f3l\u00f3 korm\u00e1nyrendelet hat\u00e1lya al\u00e1 tartoz\u00f3 ell\u00e1t\u00e1sban<br \/>\nr\u00e9szes\u00fcl\u00f6k. (A megfelel\u0151 r\u00e9sz x-szel jel\u00f6lend\u0151, a foly\u00f3s\u00edt\u00e1st igazol\u00f3 irat csatoland\u00f3!)<br \/>\n6\/b. A gy\u00e1m \u00e9s a gy\u00e1ms\u00e1g al\u00e1 helyezett gyermek, gyermekek k\u00f6zti rokons\u00e1gi fok: &#8230;&#8230;&#8230;&#8230;&#8230;&#8230;&#8230;..<br \/>\n6\/c. A gy\u00e1mrendel\u00e9s oka: &#8230;&#8230;&#8230;&#8230;&#8230;&#8230;&#8230;&#8230;&#8230;&#8230;&#8230;&#8230;&#8230;&#8230;&#8230;&#8230;&#8230;&#8230;&#8230;&#8230;&#8230;&#8230;&#8230;&#8230;&#8230;&#8230;&#8230;&#8230;&#8230;&#8230;&#8230;&#8230;&#8230;&#8230;&#8230;&#8230;&#8230;.<br \/>\n6\/d. A gy\u00e1mrendel\u0151 hat\u00f3s\u00e1g megnevez\u00e9se \u00e9s a gy\u00e1mrendel\u0151 hat\u00e1rozat iktat\u00f3sz\u00e1ma: &#8230;&#8230;&#8230;&#8230;&#8230;&#8230;&#8230;.<br \/>\n&#8230;&#8230;&#8230;&#8230;&#8230;&#8230;&#8230;&#8230;&#8230;&#8230;&#8230;&#8230;&#8230;&#8230;&#8230;&#8230;&#8230;&#8230;&#8230;&#8230;&#8230;&#8230;&#8230;&#8230;&#8230;&#8230;&#8230;&#8230;&#8230;&#8230;&#8230;&#8230;&#8230;&#8230;&#8230;&#8230;&#8230;&#8230;&#8230;&#8230;&#8230;&#8230;&#8230;&#8230;&#8230;&#8230;&#8230;&#8230;&#8230;&#8230;&#8230;&#8230;<\/p>\n<p>6\/e. Alul\u00edrott gy\u00e1m, a gyermek, gyermekek tart\u00e1s\u00e1ra k\u00f6telezett vagyok, mert<br \/>\n\u25a1 tart\u00e1si k\u00f6telezetts\u00e9gemet joger\u0151s b\u00edr\u00f3s\u00e1gi d\u00f6nt\u00e9s kimondja, vagy<br \/>\n\u25a1 a gyermek, gyermekek sz\u00fclei nem \u00e9lnek.<br \/>\n(A megfelel\u0151 r\u00e9sz x-szel jel\u00f6lend\u0151!)<br \/>\nII. J\u00f6vedelmi adatok<\/p>\n<p>A j\u00f6vedelmek t\u00edpusai<br \/>\nA k\u00e9relmez\u0151<br \/>\nj\u00f6vedelme A k\u00e9relmez\u0151vel k\u00f6z\u00f6s h\u00e1ztart\u00e1sban \u00e9l\u0151 h\u00e1zast\u00e1rs (\u00e9lett\u00e1rs) j\u00f6vedelme A k\u00e9relmez\u0151vel k\u00f6z\u00f6s h\u00e1ztart\u00e1sban \u00e9l\u0151 egy\u00e9b rokon j\u00f6vedelme<br \/>\n\u00d6sszesen<br \/>\n1. Munkaviszonyb\u00f3l, munkav\u00e9gz\u00e9sre\/foglalkoztat\u00e1sra ir\u00e1nyul\u00f3 egy\u00e9b jogviszonyb\u00f3l sz\u00e1rmaz\u00f3 j\u00f6vedelem \u00e9s t\u00e1pp\u00e9nz<br \/>\n2. T\u00e1rsas \u00e9s egy\u00e9ni v\u00e1llalkoz\u00e1sb\u00f3l, \u0151stermel\u0151i, illetve szellemi \u00e9s m\u00e1s \u00f6n\u00e1ll\u00f3 tev\u00e9kenys\u00e9gb\u0151l sz\u00e1rmaz\u00f3 j\u00f6vedelem<br \/>\n3. Nyugell\u00e1t\u00e1s, megv\u00e1ltozott munkak\u00e9pess\u00e9g\u0171 szem\u00e9lyek ell\u00e1t\u00e1sai (p\u00e9ld\u00e1ul rokkants\u00e1gi ell\u00e1t\u00e1s, rehabilit\u00e1ci\u00f3s ell\u00e1t\u00e1s), korhat\u00e1r el\u0151tti ell\u00e1t\u00e1s, szolg\u00e1lati j\u00e1rand\u00f3s\u00e1g, t\u00e1ncm\u0171v\u00e9szeti \u00e9letj\u00e1rad\u00e9k, \u00e1tmeneti b\u00e1ny\u00e1szj\u00e1rad\u00e9k, id\u0151skor\u00faak j\u00e1rad\u00e9ka, a nyugell\u00e1t\u00e1sok \u00e9s egyes m\u00e1s ell\u00e1t\u00e1sok emel\u00e9s\u00e9r\u0151l sz\u00f3l\u00f3 korm\u00e1nyrendelet hat\u00e1lya al\u00e1 tartoz\u00f3 ell\u00e1t\u00e1s<br \/>\n4. A gyermek ell\u00e1t\u00e1s\u00e1hoz \u00e9s gondoz\u00e1s\u00e1hoz kapcsol\u00f3d\u00f3 t\u00e1mogat\u00e1sok [k\u00fcl\u00f6n\u00f6sen: gyermekgondoz\u00e1si d\u00edj (GYED), gyermekgondoz\u00e1st seg\u00edt\u0151 ell\u00e1t\u00e1s (GYES), gyermeknevel\u00e9si t\u00e1mogat\u00e1s (GYET), csal\u00e1di p\u00f3tl\u00e9k, gyermektart\u00e1sd\u00edj, \u00e1rvaell\u00e1t\u00e1s]<br \/>\n5. \u00d6nkorm\u00e1nyzat, j\u00e1r\u00e1si hivatal \u00e9s az \u00e1llami foglalkoztat\u00e1si szerv \u00e1ltal foly\u00f3s\u00edtott rendszeres p\u00e9nzbeli ell\u00e1t\u00e1sok<br \/>\n6. Egy\u00e9b j\u00f6vedelem (k\u00fcl\u00f6n\u00f6sen: kapott tart\u00e1s-, \u00f6szt\u00f6nd\u00edj, \u00e9rt\u00e9kpap\u00edrb\u00f3l sz\u00e1rmaz\u00f3 j\u00f6vedelem, kis \u00f6sszeg\u0171 kifizet\u00e9sek stb.)<br \/>\n7. A csal\u00e1d \u00f6sszes nett\u00f3 j\u00f6vedelme<br \/>\n8. A csal\u00e1d \u00f6sszes nett\u00f3 j\u00f6vedelm\u00e9t cs\u00f6kkent\u0151 t\u00e9nyez\u0151k (fizetett tart\u00e1sd\u00edj \u00f6sszege)<br \/>\nEgy f\u0151re jut\u00f3 havi csal\u00e1di nett\u00f3 j\u00f6vedelem (\u00fcgyint\u00e9z\u0151 t\u00f6lti ki!): &#8230;&#8230;&#8230;&#8230;&#8230;&#8230;&#8230;&#8230; Ft\/h\u00f3.<br \/>\nMegjegyz\u00e9s: A k\u00e9relemhez mell\u00e9kelni kell a j\u00f6vedelemnyilatkozat 1-6. pontj\u00e1ban felt\u00fcntetett j\u00f6vedelmek val\u00f3dis\u00e1g\u00e1nak igazol\u00e1s\u00e1ra szolg\u00e1l\u00f3 iratokat, kiv\u00e9ve a csal\u00e1di p\u00f3tl\u00e9k \u00e9s a gyermekgondoz\u00e1st seg\u00edt\u0151 ell\u00e1t\u00e1s (GYES) igazol\u00e1s\u00e1t, amennyiben azt nem munk\u00e1ltat\u00f3i kifizet\u0151hely foly\u00f3s\u00edtja, valamint a gyermeknevel\u00e9si t\u00e1mogat\u00e1s (GYET) \u00e9s a fogyat\u00e9koss\u00e1gi t\u00e1mogat\u00e1s (FOT) igazol\u00e1s\u00e1t.<\/p>\n<p>III. Vagyoni adatok<br \/>\nIngatlanok<br \/>\n1. Lak\u00e1stulajdon \u00e9s lak\u00f3telek-tulajdon (vagy \u00e1lland\u00f3, illetve tart\u00f3s haszn\u00e1lat) c\u00edme:<br \/>\n&#8230;&#8230;&#8230;&#8230;&#8230;&#8230;&#8230;&#8230;&#8230;&#8230;&#8230;&#8230;&#8230;&#8230;&#8230;&#8230;&#8230;&#8230;&#8230;&#8230;&#8230;&#8230;&#8230;&#8230; v\u00e1ros\/k\u00f6zs\u00e9g &#8230;&#8230;&#8230;&#8230;&#8230;&#8230;&#8230;&#8230;&#8230;&#8230;&#8230;&#8230;&#8230;&#8230;&#8230;&#8230;. \u00fat\/utca<br \/>\n&#8230;&#8230;&#8230;. hsz., alapter\u00fclete: &#8230;&#8230;&#8230;&#8230;.. m2, tulajdoni h\u00e1nyad: &#8230;&#8230;&#8230;&#8230;, a szerz\u00e9s ideje: &#8230;&#8230;&#8230;&#8230;&#8230;&#8230;&#8230; \u00e9v.<br \/>\nBecs\u00fclt forgalmi \u00e9rt\u00e9k: &#8230;&#8230;&#8230;&#8230;&#8230;&#8230;. Ft.<br \/>\n2. \u00dcd\u00fcl\u0151tulajdon \u00e9s \u00fcd\u00fcl\u0151telek-tulajdon (vagy \u00e1lland\u00f3, illetve tart\u00f3s haszn\u00e1lat) c\u00edme:<br \/>\n&#8230;&#8230;&#8230;&#8230;&#8230;&#8230;&#8230;&#8230;&#8230;&#8230;&#8230;&#8230;&#8230;&#8230;&#8230;&#8230;&#8230;&#8230;&#8230;&#8230;&#8230;&#8230;&#8230;&#8230; v\u00e1ros\/k\u00f6zs\u00e9g &#8230;&#8230;&#8230;&#8230;&#8230;&#8230;&#8230;&#8230;&#8230;&#8230;&#8230;&#8230;&#8230;&#8230;&#8230;&#8230;. \u00fat\/utca<br \/>\n&#8230;&#8230;&#8230;. hsz., alapter\u00fclete: &#8230;&#8230;&#8230;&#8230;.. m2, tulajdoni h\u00e1nyad: &#8230;&#8230;&#8230;&#8230;, a szerz\u00e9s ideje: &#8230;&#8230;&#8230;&#8230;&#8230;&#8230;&#8230; \u00e9v.<br \/>\nBecs\u00fclt forgalmi \u00e9rt\u00e9k: &#8230;&#8230;&#8230;&#8230;&#8230;&#8230;&#8230;&#8230;. Ft.<br \/>\n3. Egy\u00e9b, nem lak\u00e1s c\u00e9lj\u00e1ra szolg\u00e1l\u00f3 \u00e9p\u00fclet-(\u00e9p\u00fcletr\u00e9sz-)tulajdon (vagy \u00e1lland\u00f3 haszn\u00e1lat) megnevez\u00e9se (z\u00e1rtkerti \u00e9p\u00edtm\u00e9ny, m\u0171hely, \u00fczlet, m\u0171terem, rendel\u0151, gar\u00e1zs stb.): &#8230;&#8230;&#8230;&#8230;&#8230;&#8230;&#8230;&#8230;&#8230;&#8230;&#8230;&#8230;&#8230;&#8230;&#8230;., c\u00edme: &#8230;&#8230;&#8230;&#8230;&#8230;&#8230;&#8230;&#8230;&#8230;&#8230;&#8230;&#8230;. v\u00e1ros\/k\u00f6zs\u00e9g &#8230;&#8230;&#8230;&#8230;&#8230;&#8230;&#8230;&#8230;&#8230;&#8230;&#8230;&#8230;&#8230;&#8230; \u00fat\/utca &#8230;&#8230;.. hsz., alapter\u00fclete: &#8230;&#8230;&#8230;&#8230;&#8230; m2, tulajdoni h\u00e1nyad: &#8230;&#8230;&#8230;&#8230;., a szerz\u00e9s ideje: &#8230;&#8230;&#8230;.. \u00e9v.<br \/>\nBecs\u00fclt forgalmi \u00e9rt\u00e9k: &#8230;&#8230;&#8230;&#8230;&#8230;&#8230;&#8230;&#8230;&#8230;. Ft.<br \/>\n4. Term\u0151f\u00f6ldtulajdon (vagy \u00e1lland\u00f3 haszn\u00e1lat) megnevez\u00e9se: &#8230;&#8230;&#8230;&#8230;&#8230;&#8230;&#8230;&#8230;&#8230;&#8230;&#8230;&#8230;&#8230;&#8230;&#8230;.., c\u00edme: &#8230;&#8230;&#8230;&#8230;&#8230;&#8230;&#8230;&#8230;&#8230;&#8230;&#8230;&#8230;&#8230;&#8230;&#8230;&#8230;&#8230;&#8230;&#8230;&#8230; v\u00e1ros\/k\u00f6zs\u00e9g &#8230;&#8230;&#8230;&#8230;&#8230;&#8230;&#8230;&#8230;&#8230;&#8230;&#8230;&#8230;&#8230;&#8230;&#8230; \u00fat\/utca &#8230;&#8230;&#8230;. hsz., alapter\u00fclete: &#8230;&#8230;&#8230; m2, tulajdoni h\u00e1nyad: &#8230;&#8230;&#8230;&#8230;., a szerz\u00e9s ideje: &#8230;&#8230;&#8230;&#8230;. \u00e9v.<br \/>\nBecs\u00fclt forgalmi \u00e9rt\u00e9k: &#8230;&#8230;&#8230;&#8230;&#8230;&#8230;&#8230;&#8230;&#8230;.. Ft.<br \/>\nEgy\u00e9b vagyont\u00e1rgyak<br \/>\n5. G\u00e9pj\u00e1rm\u0171<br \/>\na) szem\u00e9lyg\u00e9pkocsi: &#8230;&#8230;&#8230;&#8230;&#8230;&#8230;&#8230;&#8230;&#8230;&#8230;&#8230;.., t\u00edpus: &#8230;&#8230;&#8230;&#8230;&#8230;, rendsz\u00e1m: &#8230;&#8230;&#8230;&#8230;.., a szerz\u00e9s ideje, valamint a gy\u00e1rt\u00e1s \u00e9ve: &#8230;&#8230;&#8230;&#8230;&#8230;.. \u00e9v.<br \/>\nBecs\u00fclt forgalmi \u00e9rt\u00e9k: &#8230;&#8230;&#8230;&#8230;&#8230;&#8230;&#8230;&#8230;&#8230;&#8230;. Ft.<br \/>\nb) teherg\u00e9pj\u00e1rm\u0171, aut\u00f3busz, motorker\u00e9kp\u00e1r, v\u00edzi- vagy egy\u00e9b j\u00e1rm\u0171: &#8230;&#8230;&#8230;&#8230;&#8230;&#8230;&#8230;.., t\u00edpus: &#8230;&#8230;&#8230;&#8230;&#8230;&#8230;., rendsz\u00e1m (rendsz\u00e1m n\u00e9lk\u00fcli g\u00e9pek eset\u00e9n a gy\u00e1rt\u00e1si vagy azonos\u00edt\u00f3 sz\u00e1mot kell felt\u00fcntetni): &#8230;&#8230;&#8230;&#8230;&#8230;.., a szerz\u00e9s ideje, valamint a gy\u00e1rt\u00e1s \u00e9ve: &#8230;&#8230;&#8230;&#8230;&#8230;&#8230;&#8230;. \u00e9v.<br \/>\nBecs\u00fclt forgalmi \u00e9rt\u00e9k: &#8230;&#8230;&#8230;&#8230;&#8230;&#8230;&#8230;&#8230;&#8230; Ft.<br \/>\n\u00d6sszes vagyont\u00e1rgy<br \/>\n(\u00dcgyint\u00e9z\u0151 t\u00f6lti ki!)<br \/>\n6. A gondoz\u00f3 csal\u00e1d \u00f6sszes vagyon\u00e1nak becs\u00fclt forgalmi \u00e9rt\u00e9ke (1.+2.+3.+4.+5.): &#8230;&#8230;&#8230;&#8230;&#8230;. Ft. Egy f\u0151re jut\u00f3 forgalmi \u00e9rt\u00e9k: &#8230;&#8230;&#8230;&#8230; Ft.<br \/>\nMegjegyz\u00e9s:<br \/>\nHa a k\u00e9relmez\u0151 vagy k\u00f6zeli hozz\u00e1tartoz\u00f3ja b\u00e1rmely vagyont\u00e1rgyb\u00f3l egyn\u00e9l t\u00f6bbel rendelkezik, akkor a vagyonnyilatkozat megfelel\u0151 pontj\u00e1t a vagyont\u00e1rgyak sz\u00e1m\u00e1val egyez\u0151en kell kit\u00f6lteni.<br \/>\nIngatlan becs\u00fclt forgalmi \u00e9rt\u00e9kek\u00e9nt az ingatlannak a telep\u00fcl\u00e9sen szok\u00e1sos forgalmi \u00e9rt\u00e9k\u00e9t kell felt\u00fcntetni.<br \/>\nG\u00e9pj\u00e1rm\u0171, termel\u0151- \u00e9s munkaeszk\u00f6z becs\u00fclt forgalmi \u00e9rt\u00e9kek\u00e9nt a j\u00e1rm\u0171, illetve termel\u0151- \u00e9s munkaeszk\u00f6z kora \u00e9s \u00e1llapota szerinti \u00e9rt\u00e9ket kell felt\u00fcntetni.<\/p>\n<p>Egy\u00e9b nyilatkozatok<br \/>\n1. Felel\u0151ss\u00e9gem tudat\u00e1ban kijelentem, hogy<br \/>\na) \u00e9letvitelszer\u0171en a lak\u00f3helyemen\/a tart\u00f3zkod\u00e1si helyemen \u00e9lek (a megfelel\u0151 r\u00e9sz al\u00e1h\u00fazand\u00f3, azzal, hogy ezt a nyilatkozatot csak abban az esetben kell megtenni, ha bejelentett lak\u00f3- \u00e9s tart\u00f3zkod\u00e1si hellyel is rendelkezik),<br \/>\nb) telep\u00fcl\u00e9sszint\u0171 lak\u00f3hellyel rendelkezem [akkor kell al\u00e1h\u00fazni, ha lak\u00f3helyek\u00e9nt a polg\u00e1rok szem\u00e9lyi adatainak \u00e9s lakc\u00edm\u00e9nek nyilv\u00e1ntart\u00e1s\u00e1ban a bejelentett telep\u00fcl\u00e9s neve (a f\u0151v\u00e1rosban a ker\u00fclet megjel\u00f6l\u00e9se) szerepel; ebben az esetben az \u201eI. Szem\u00e9lyi adatok\u201d pont 1. alpontj\u00e1ban a \u201eTart\u00f3zkod\u00e1si hely\u201d rovatban azt a c\u00edmet kell felt\u00fcntetni, ahol bejelent\u00e9s n\u00e9lk\u00fcl, \u00e9letvitelszer\u0171en tart\u00f3zkodik],<br \/>\nc) a k\u00f6z\u00f6lt adatok a val\u00f3s\u00e1gnak megfelelnek.<br \/>\n2. Tudom\u00e1sul veszem, hogy a k\u00e9relemben k\u00f6z\u00f6lt j\u00f6vedelmi adatok val\u00f3dis\u00e1g\u00e1t a gyermekek v\u00e9delm\u00e9r\u0151l \u00e9s a gy\u00e1m\u00fcgyi igazgat\u00e1sr\u00f3l sz\u00f3l\u00f3 1997. \u00e9vi XXXI. t\u00f6rv\u00e9ny 131. \u00a7 (5) bekezd\u00e9se alapj\u00e1n a hat\u00e1sk\u00f6rt gyakorl\u00f3 szerv &#8211; a Nemzeti Ad\u00f3- \u00e9s V\u00e1mhivatal hat\u00e1sk\u00f6rrel \u00e9s illet\u00e9kess\u00e9ggel rendelkez\u0151 ad\u00f3- \u00e9s v\u00e1migazgat\u00f3s\u00e1ga \u00fatj\u00e1n &#8211; ellen\u0151rizheti.<br \/>\n3. Hozz\u00e1j\u00e1rulok a k\u00e9relemben szerepl\u0151 adatoknak a szoci\u00e1lis igazgat\u00e1si elj\u00e1r\u00e1s sor\u00e1n t\u00f6rt\u00e9n\u0151 felhaszn\u00e1l\u00e1s\u00e1hoz.<br \/>\n4. Kijelentem, hogy a rendszeres gyermekv\u00e9delmi kedvezm\u00e9ny meg\u00e1llap\u00edt\u00e1sa ir\u00e1nti k\u00e9relmemnek teljes eg\u00e9sz\u00e9ben helyt ad\u00f3 d\u00f6nt\u00e9s elleni fellebbez\u00e9si jogomr\u00f3l lemondok. (Nemleges v\u00e1lasz eset\u00e9n k\u00e9rj\u00fck a sz\u00f6vegr\u00e9szt \u00e1th\u00faz\u00e1ssal t\u00f6r\u00f6lni!)<\/p>\n<p>Kelt: &#8230;&#8230;&#8230;&#8230;&#8230;&#8230;&#8230;&#8230;&#8230;&#8230;&#8230;&#8230;&#8230;.., &#8230;&#8230;..\u00e9v&#8230;&#8230;&#8230;&#8230;&#8230;&#8230;.h\u00f3&#8230;&#8230;&#8230;nap<\/p>\n<p>&#8230;&#8230;&#8230;&#8230;&#8230;&#8230;&#8230;&#8230;&#8230;&#8230;&#8230;&#8230;&#8230;&#8230;&#8230;&#8230;&#8230;&#8230;&#8230;&#8230;.<br \/>\nsz\u00fcl\u0151\/csal\u00e1dbafogad\u00f3 gy\u00e1m\/nagykor\u00fav\u00e1 v\u00e1lt gyermek al\u00e1\u00edr\u00e1sa<\/p>\n<p>B) lap<br \/>\nAlul\u00edrott k\u00e9rem a gyermekem, gyermekeim\/a gy\u00e1ms\u00e1gom al\u00e1 helyezett gyermek r\u00e9sz\u00e9re\/r\u00e9szemre (a megfelel\u0151 al\u00e1h\u00fazand\u00f3) a h\u00e1tr\u00e1nyos, halmozottan h\u00e1tr\u00e1nyos helyzet fenn\u00e1ll\u00e1s\u00e1nak meg\u00e1llap\u00edt\u00e1s\u00e1t<br \/>\n1. NYILATKOZAT ISKOLAI V\u00c9GZETTS\u00c9GR\u0150L (A nyilatkozat megt\u00e9tele \u00f6nk\u00e9ntes! Amennyiben a sz\u00fcl\u0151i fel\u00fcgyeleti jogot a gyermeket egy\u00fctt nevel\u0151 mindk\u00e9t sz\u00fcl\u0151 gyakorolja, mindk\u00e9t sz\u00fcl\u0151nek k\u00fcl\u00f6n-k\u00fcl\u00f6n nyilatkoznia kell!)<\/p>\n<p>\u25a1 Kijelentem, hogy a k\u00e9relem beny\u00fajt\u00e1s\u00e1nak id\u0151pontj\u00e1ban legfeljebb alapfok\u00fa iskolai v\u00e9gzetts\u00e9ggel rendelkezem.<br \/>\n&#8230;&#8230;&#8230;&#8230;&#8230;&#8230;&#8230;&#8230;&#8230;&#8230;&#8230;&#8230;&#8230;&#8230;&#8230;&#8230;&#8230;&#8230;&#8230;&#8230;&#8230;.. &#8230;&#8230;&#8230;&#8230;&#8230;&#8230;&#8230;&#8230;&#8230;&#8230;&#8230;&#8230;&#8230;&#8230;..<br \/>\nsz\u00fcl\u0151\/csal\u00e1dbafogad\u00f3 gy\u00e1m al\u00e1\u00edr\u00e1sa sz\u00fcl\u0151 al\u00e1\u00edr\u00e1sa<br \/>\n2. A GYERMEK (NAGYKOR\u00daV\u00c1 V\u00c1LT GYERMEK) B\u00d6LCS\u0150D\u00c9J\u00c9RE, GYERMEKEK ES\u00c9LYN\u00d6VEL\u0150 SZOLG\u00c1LTAT\u00c1S\u00c1T NY\u00daJT\u00d3 SZOLG\u00c1LTAT\u00d3J\u00c1RA, INT\u00c9ZM\u00c9NY\u00c9RE, NEVEL\u00c9SI-OKTAT\u00c1SI, SZAKK\u00c9PZ\u0150 INT\u00c9ZM\u00c9NY\u00c9RE, FELS\u0150OKTAT\u00c1SI INT\u00c9ZM\u00c9NY\u00c9RE VONATKOZ\u00d3 ADATOK<br \/>\nGyermek (nagykor\u00fav\u00e1 v\u00e1lt<br \/>\ngyermek) neve A b\u00f6lcs\u0151de, gyermekek es\u00e9lyn\u00f6vel\u0151 szolg\u00e1ltat\u00e1s\u00e1t ny\u00fajt\u00f3 int\u00e9zm\u00e9ny*, szolg\u00e1ltat\u00f3, nevel\u00e9si-oktat\u00e1si, szakk\u00e9pz\u0151,<br \/>\nfels\u0151oktat\u00e1si int\u00e9zm\u00e9ny teljes neve, ahol a gyermek b\u00f6lcs\u0151dei, \u00f3vodai ell\u00e1t\u00e1sban r\u00e9szes\u00fcl, tanoda eset\u00e9n meg\u00e1llapod\u00e1ssal rendelkezik, vagy a tanul\u00f3, hallgat\u00f3 tanul Az int\u00e9zm\u00e9ny c\u00edme (ir\u00e1ny\u00edt\u00f3sz\u00e1m,<br \/>\ntelep\u00fcl\u00e9sn\u00e9v, utca, h\u00e1zsz\u00e1m)<\/p>\n<p>*Gyermekek es\u00e9lyn\u00f6vel\u0151 szolg\u00e1ltat\u00e1s\u00e1t ny\u00fajt\u00f3 int\u00e9zm\u00e9ny: Biztos Kezdet Gyerekh\u00e1z, tanoda<br \/>\n[Biztos Kezdet Gyerekh\u00e1z \u00e9s tanoda ig\u00e9nybev\u00e9tele kiv\u00e9tel\u00e9vel nem sz\u00fcks\u00e9ges a t\u00e1bl\u00e1zatot kit\u00f6lteni, amennyiben adattartalma megegyezik a rendszeres gyermekv\u00e9delmi kedvezm\u00e9ny meg\u00e1llap\u00edt\u00e1sa ir\u00e1nt e k\u00e9relemmel egyidej\u0171leg beny\u00fajtott A) lap 4. pontj\u00e1ban foglalt t\u00e1bl\u00e1zat adattartalm\u00e1val. Ha a nevel\u00e9si-oktat\u00e1si, szakk\u00e9pz\u0151 int\u00e9zm\u00e9nynek, fels\u0151oktat\u00e1si int\u00e9zm\u00e9nynek telephelye is van, azt a nevet \u00e9s c\u00edmet kell megadni, ahova a gyermek, tanul\u00f3, hallgat\u00f3 t\u00e9nylegesen j\u00e1r.]<br \/>\n3. EGY\u00c9B NYILATKOZATOK<br \/>\nFelel\u0151ss\u00e9gem tudat\u00e1ban kijelentem, hogy a k\u00f6z\u00f6lt adatok a val\u00f3s\u00e1gnak megfelelnek.<br \/>\nKelt, &#8230;&#8230;&#8230;&#8230;&#8230;&#8230;&#8230;&#8230;&#8230;&#8230;&#8230;&#8230;&#8230;&#8230;&#8230;<br \/>\n&#8230;&#8230;&#8230;&#8230;&#8230;&#8230;&#8230;&#8230;&#8230;&#8230;&#8230;&#8230;&#8230;&#8230;&#8230;&#8230;&#8230;&#8230;&#8230;&#8230;&#8230;&#8230;&#8230;..<br \/>\nsz\u00fcl\u0151\/csal\u00e1dbafogad\u00f3 gy\u00e1m\/nagykor\u00fav\u00e1 v\u00e1lt gyermek al\u00e1\u00edr\u00e1sa<\/p>\n<p>T\u00c1J\u00c9KOZTAT\u00d3 A FORMANYOMTATV\u00c1NY B) LAPJ\u00c1HOZ:<br \/>\nAmennyiben a gyermek, gyermekek rendszeres gyermekv\u00e9delmi kedvezm\u00e9nyre val\u00f3 jogosults\u00e1g\u00e1nak meg\u00e1llap\u00edt\u00e1s\u00e1ra m\u00e1r a h\u00e1tr\u00e1nyos, halmozottan h\u00e1tr\u00e1nyos helyzet fenn\u00e1ll\u00e1s\u00e1nak meg\u00e1llap\u00edt\u00e1s\u00e1ra ir\u00e1nyul\u00f3 k\u00e9relem beny\u00fajt\u00e1s\u00e1t megel\u0151z\u0151en sor ker\u00fclt, a B) lap \u00f6n\u00e1ll\u00f3an is beny\u00fajthat\u00f3 oly m\u00f3don, hogy ahhoz kit\u00f6ltve csatolni kell az A) lap I.) Szem\u00e9lyi adatokra vonatkoz\u00f3 r\u00e9sz\u00e9nek 1-3. pontj\u00e1t tartalmaz\u00f3 r\u00e9sz\u00e9t.<br \/>\nH\u00e1tr\u00e1nyos helyzet\u0171 gyermek: az a rendszeres gyermekv\u00e9delmi kedvezm\u00e9nyre jogosult gyermek, aki eset\u00e9ben az al\u00e1bbi k\u00f6r\u00fclm\u00e9nyek k\u00f6z\u00fcl egy fenn\u00e1ll:<br \/>\na) a rendszeres gyermekv\u00e9delmi kedvezm\u00e9ny ig\u00e9nyl\u00e9s\u00e9nek id\u0151pontj\u00e1ban a gyermeket egy\u00fctt nevel\u0151 mindk\u00e9t sz\u00fcl\u0151, a gyermeket egyed\u00fcl nevel\u0151 sz\u00fcl\u0151, illetve a csal\u00e1dbafogad\u00f3 gy\u00e1m legmagasabb iskolai v\u00e9gzetts\u00e9ge alapfok\u00fa &#8211; (alacsony iskolai v\u00e9gzetts\u00e9g, melynek igazol\u00e1sa a k\u00e9relmen megtett \u00f6nk\u00e9ntes nyilatkozattal t\u00f6rt\u00e9nik),<br \/>\nb) a rendszeres gyermekv\u00e9delmi kedvezm\u00e9ny ig\u00e9nyl\u00e9s\u00e9nek id\u0151pontj\u00e1ban a gyermeket nevel\u0151 sz\u00fcl\u0151k b\u00e1rmelyike vagy a csal\u00e1dbafogad\u00f3 gy\u00e1m a a szoci\u00e1lis igazgat\u00e1sr\u00f3l \u00e9s szoci\u00e1lis ell\u00e1t\u00e1sokr\u00f3l sz\u00f3l\u00f3 1993. \u00e9vi III. t\u00f6rv\u00e9ny (szoci\u00e1lis t\u00f6rv\u00e9ny) szerinti akt\u00edv kor\u00faak ell\u00e1t\u00e1s\u00e1ra jogosult vagy a kedvezm\u00e9ny ig\u00e9nyl\u00e9s\u00e9nek id\u0151pontj\u00e1t megel\u0151z\u0151 16 h\u00f3napon bel\u00fcl legal\u00e1bb 12 h\u00f3napig \u00e1ll\u00e1skeres\u0151k\u00e9nt tartotta nyilv\u00e1n a f\u0151v\u00e1rosi \u00e9s megyei korm\u00e1nyhivatal \u00e1llami foglalkoztat\u00e1si szervk\u00e9nt elj\u00e1r\u00f3 j\u00e1r\u00e1si hivatala &#8211; (alacsony foglalkoztatotts\u00e1g, melynek fenn\u00e1ll\u00e1s\u00e1t az elj\u00e1r\u00f3 hat\u00f3s\u00e1g ellen\u0151rzi),<br \/>\nc) a gyermek szegreg\u00e1tumnak nyilv\u00e1n\u00edtott lak\u00f3k\u00f6rnyezetben, vagy az elj\u00e1r\u00e1s sor\u00e1n felvett k\u00f6rnyezettanulm\u00e1ny szerint f\u00e9lkomfortos, komfort n\u00e9lk\u00fcli vagy sz\u00fcks\u00e9glak\u00e1sban, illetve olyan lak\u00e1sk\u00f6r\u00fclm\u00e9nyek k\u00f6z\u00f6tt \u00e9l, ahol korl\u00e1tozottan biztos\u00edtottak az eg\u00e9szs\u00e9ges fejl\u0151d\u00e9shez sz\u00fcks\u00e9ges felt\u00e9telek &#8211; (el\u00e9gtelen lak\u00f3k\u00f6rnyezet, illetve lak\u00e1sk\u00f6r\u00fclm\u00e9ny).<br \/>\nHalmozottan h\u00e1tr\u00e1nyos helyzet\u0171 gyermek: az a rendszeres gyermekv\u00e9delmi kedvezm\u00e9nyre jogosult gyermek, aki eset\u00e9ben a fenti h\u00e1rom k\u00f6r\u00fclm\u00e9ny k\u00f6z\u00fcl (alacsony iskolai v\u00e9gzetts\u00e9g; alacsony foglalkoztatotts\u00e1g; el\u00e9gtelen lak\u00f3k\u00f6rnyezet, lak\u00e1sk\u00f6r\u00fclm\u00e9ny) legal\u00e1bb kett\u0151 fenn\u00e1ll.<br \/>\nAlapfok\u00fa iskolai v\u00e9gzetts\u00e9g: a nemzeti k\u00f6znevel\u00e9sr\u0151l sz\u00f3l\u00f3 2011. \u00e9vi CXC. t\u00f6rv\u00e9ny alapj\u00e1n a nyolcadik \u00e9vfolyam sikeres elv\u00e9gz\u00e9s\u00e9r\u0151l ki\u00e1ll\u00edtott bizony\u00edtv\u00e1ny &#8211; iskolat\u00edpust\u00f3l f\u00fcggetlen\u00fcl &#8211; alapfok\u00fa iskolai v\u00e9gzetts\u00e9get tan\u00fas\u00edt.<br \/>\n(P\u00e9ld\u00e1ul egy 9. \u00e9vfolyam elv\u00e9gz\u00e9se vagy egy k\u00f6z\u00e9pfok\u00fa oktat\u00e1si int\u00e9zm\u00e9ny p\u00e1r oszt\u00e1ly\u00e1nak elv\u00e9gz\u00e9se a k\u00f6z\u00e9pfok\u00fa v\u00e9gzetts\u00e9g megszerz\u00e9se n\u00e9lk\u00fcl az alapfok\u00fa v\u00e9gzetts\u00e9get nem befoly\u00e1solja, hiszen ezek v\u00e9gzetts\u00e9gi szintet nem emelnek.)<\/p>\n","protected":false},"excerpt":{"rendered":"<div class=\"entry-summary\">\nLet\u00f6lt\u00e9s:Formanyomtatv\u00e1ny_RGYK jogosults\u00e1ghoz \u00e9s h\u00e1tr\u00e1nyos helyzet meg\u00e1llap\u00edt\u00e1s\u00e1h&#8230; FORMANYOMTATV\u00c1NY a rendszeres gyermekv\u00e9delmi kedvezm\u00e9ny meg\u00e1llap\u00edt\u00e1s\u00e1hoz \u00e9s fel\u00fclvizsg\u00e1lat\u00e1hoz , valamint a h\u00e1tr\u00e1nyos, halmozottan h\u00e1tr\u00e1nyos helyzet fenn\u00e1ll\u00e1s\u00e1nak meg\u00e1llap\u00edt\u00e1s\u00e1hoz  A) lap Alul\u00edrott k\u00e9rem, hogy gyermekem, gyermekeim r\u00e9sz\u00e9re\/r\u00e9szemre (a megfelel\u0151 al\u00e1h\u00fazand\u00f3) rendszeres gyermekv\u00e9delmi kedvezm\u00e9nyre&hellip;\n<\/div>\n<div class=\"link-more\"><a href=\"http:\/\/magyaregres.eu\/index.php\/2024\/04\/08\/formanyomtatvany-a-rendszeres-gyermekvedelmi-kedvezmeny-megallapitasahoz\/\" class=\"more-link\">Continue reading<span class=\"screen-reader-text\"> &ldquo;FORMANYOMTATV\u00c1NY   a rendszeres gyermekv\u00e9delmi kedvezm\u00e9ny meg\u00e1llap\u00edt\u00e1s\u00e1hoz&#8230;&rdquo;<\/span>&hellip;<\/a><\/div>\n","protected":false},"author":1,"featured_media":0,"comment_status":"closed","ping_status":"closed","sticky":false,"template":"","format":"standard","meta":{"ngg_post_thumbnail":0,"footnotes":""},"categories":[13],"tags":[16],"class_list":["post-1805","post","type-post","status-publish","format-standard","hentry","category-kozlemenyek","tag-kozlemeny","entry"],"_links":{"self":[{"href":"http:\/\/magyaregres.eu\/index.php\/wp-json\/wp\/v2\/posts\/1805","targetHints":{"allow":["GET"]}}],"collection":[{"href":"http:\/\/magyaregres.eu\/index.php\/wp-json\/wp\/v2\/posts"}],"about":[{"href":"http:\/\/magyaregres.eu\/index.php\/wp-json\/wp\/v2\/types\/post"}],"author":[{"embeddable":true,"href":"http:\/\/magyaregres.eu\/index.php\/wp-json\/wp\/v2\/users\/1"}],"replies":[{"embeddable":true,"href":"http:\/\/magyaregres.eu\/index.php\/wp-json\/wp\/v2\/comments?post=1805"}],"version-history":[{"count":1,"href":"http:\/\/magyaregres.eu\/index.php\/wp-json\/wp\/v2\/posts\/1805\/revisions"}],"predecessor-version":[{"id":1807,"href":"http:\/\/magyaregres.eu\/index.php\/wp-json\/wp\/v2\/posts\/1805\/revisions\/1807"}],"wp:attachment":[{"href":"http:\/\/magyaregres.eu\/index.php\/wp-json\/wp\/v2\/media?parent=1805"}],"wp:term":[{"taxonomy":"category","embeddable":true,"href":"http:\/\/magyaregres.eu\/index.php\/wp-json\/wp\/v2\/categories?post=1805"},{"taxonomy":"post_tag","embeddable":true,"href":"http:\/\/magyaregres.eu\/index.php\/wp-json\/wp\/v2\/tags?post=1805"}],"curies":[{"name":"wp","href":"https:\/\/api.w.org\/{rel}","templated":true}]}}