{"id":1412,"date":"2020-06-12T07:09:21","date_gmt":"2020-06-12T07:09:21","guid":{"rendered":"http:\/\/magyaregres.eu\/?p=1412"},"modified":"2020-06-12T07:09:21","modified_gmt":"2020-06-12T07:09:21","slug":"kutyasetaltatas","status":"publish","type":"post","link":"https:\/\/magyaregres.eu\/index.php\/2020\/06\/12\/kutyasetaltatas\/","title":{"rendered":"Kutyas\u00e9t\u00e1ltat\u00e1s"},"content":{"rendered":"<p>Tisztelt Kutyatulajdonosok!<\/p>\n<p>Sokan nem tudj\u00e1k, hogy a p\u00f3r\u00e1z n\u00e9lk\u00fcli kutyas\u00e9t\u00e1ltat\u00e1s szab\u00e1lys\u00e9rt\u00e9si b\u00edrs\u00e1ggal s\u00fajthat\u00f3. A kutya \u00e1ltal okozott k\u00e1rok\u00e9rt az \u00e1llattart\u00f3 felel. Legyen a kuty\u00e1nk b\u00e1rmilyen j\u00f3l nevelt, belter\u00fclet k\u00f6zter\u00fclet\u00e9n ebet csak p\u00f3r\u00e1zon lehet vezetni, valamint k\u00f6zter\u00fcleten kuty\u00e1t csak olyan szem\u00e9ly vezethet, aki k\u00e9pes ir\u00e1ny\u00edtani (pl. a gyermek ne vezessen p\u00f3r\u00e1zon nagytest\u0171 kuty\u00e1t). Ennek be nem tart\u00e1sa b\u00fcntet\u00e9st vonhat maga ut\u00e1n. A sz\u00e1jkos\u00e1r haszn\u00e1lata nem k\u00f6telez\u0151, csak vesz\u00e9lyes ebnek nyilv\u00e1n\u00edtott \u00e1llatn\u00e1l, de ha tudjuk, hogy kuty\u00e1nk egyes helyzetekben vesz\u00e9lyes lehet, vagy \u00e9pp nem ismerj\u00fck el\u00e9gg\u00e9 a vezetett kuty\u00e1t, mindig legyen sz\u00e1jkos\u00e1r n\u00e1lunk.<\/p>\n<p>K\u00f6sz\u00f6nettel:<br \/>\nBodor Zolt\u00e1n sk.<br \/>\npolg\u00e1rmester<\/p>\n","protected":false},"excerpt":{"rendered":"<div class=\"entry-summary\">\nTisztelt Kutyatulajdonosok! Sokan nem tudj\u00e1k, hogy a p\u00f3r\u00e1z n\u00e9lk\u00fcli kutyas\u00e9t\u00e1ltat\u00e1s szab\u00e1lys\u00e9rt\u00e9si b\u00edrs\u00e1ggal s\u00fajthat\u00f3. A kutya \u00e1ltal okozott k\u00e1rok\u00e9rt az \u00e1llattart\u00f3 felel. Legyen a kuty\u00e1nk b\u00e1rmilyen j\u00f3l nevelt, belter\u00fclet k\u00f6zter\u00fclet\u00e9n ebet csak p\u00f3r\u00e1zon lehet vezetni, valamint k\u00f6zter\u00fcleten kuty\u00e1t csak olyan szem\u00e9ly&hellip;\n<\/div>\n<div class=\"link-more\"><a href=\"https:\/\/magyaregres.eu\/index.php\/2020\/06\/12\/kutyasetaltatas\/\" class=\"more-link\">Continue reading<span class=\"screen-reader-text\"> &ldquo;Kutyas\u00e9t\u00e1ltat\u00e1s&rdquo;<\/span>&hellip;<\/a><\/div>\n","protected":false},"author":1,"featured_media":0,"comment_status":"closed","ping_status":"closed","sticky":false,"template":"","format":"standard","meta":{"ngg_post_thumbnail":0,"footnotes":""},"categories":[13],"tags":[14],"class_list":["post-1412","post","type-post","status-publish","format-standard","hentry","category-kozlemenyek","tag-kozlemenyek","entry"],"_links":{"self":[{"href":"https:\/\/magyaregres.eu\/index.php\/wp-json\/wp\/v2\/posts\/1412","targetHints":{"allow":["GET"]}}],"collection":[{"href":"https:\/\/magyaregres.eu\/index.php\/wp-json\/wp\/v2\/posts"}],"about":[{"href":"https:\/\/magyaregres.eu\/index.php\/wp-json\/wp\/v2\/types\/post"}],"author":[{"embeddable":true,"href":"https:\/\/magyaregres.eu\/index.php\/wp-json\/wp\/v2\/users\/1"}],"replies":[{"embeddable":true,"href":"https:\/\/magyaregres.eu\/index.php\/wp-json\/wp\/v2\/comments?post=1412"}],"version-history":[{"count":1,"href":"https:\/\/magyaregres.eu\/index.php\/wp-json\/wp\/v2\/posts\/1412\/revisions"}],"predecessor-version":[{"id":1413,"href":"https:\/\/magyaregres.eu\/index.php\/wp-json\/wp\/v2\/posts\/1412\/revisions\/1413"}],"wp:attachment":[{"href":"https:\/\/magyaregres.eu\/index.php\/wp-json\/wp\/v2\/media?parent=1412"}],"wp:term":[{"taxonomy":"category","embeddable":true,"href":"https:\/\/magyaregres.eu\/index.php\/wp-json\/wp\/v2\/categories?post=1412"},{"taxonomy":"post_tag","embeddable":true,"href":"https:\/\/magyaregres.eu\/index.php\/wp-json\/wp\/v2\/tags?post=1412"}],"curies":[{"name":"wp","href":"https:\/\/api.w.org\/{rel}","templated":true}]}}