{"id":1559,"date":"2021-09-03T10:19:12","date_gmt":"2021-09-03T10:19:12","guid":{"rendered":"http:\/\/magyaregres.eu\/?p=1559"},"modified":"2021-09-03T10:19:12","modified_gmt":"2021-09-03T10:19:12","slug":"borze-2","status":"publish","type":"post","link":"https:\/\/magyaregres.eu\/index.php\/2021\/09\/03\/borze-2\/","title":{"rendered":"B\u00f6rze"},"content":{"rendered":"<p style=\"text-align: center;\"><strong><span style=\"font-size: 24pt;\">B\u00d6RZE! <\/span><\/strong><\/p>\n<p>A Magyaregresi \u00d6nkorm\u00e1nyzat ism\u00e9t j\u00f3t\u00e9konys\u00e1gi gy\u0171jt\u00e9st szervez (ruha, cip\u0151, j\u00e1t\u00e9k, k\u00f6nyv, \u2026stb. ), melynek c\u00e9lja, hogy a telep\u00fcl\u00e9sen \u00e9l\u0151 lakosok sz\u00fcks\u00e9gleteik szerint ingyen hozz\u00e1juthassanak alapvet\u0151 gyermek \u00e9s feln\u0151tt ruh\u00e1hoz, l\u00e1bbelihez \u00e9s egy\u00e9b eszk\u00f6z\u00f6kh\u00f6z, haszn\u00e1lati cikkekhez, b\u00fatorokhoz.<\/p>\n<p>V\u00e1runk minden adom\u00e1nyoz\u00f3t, aki a m\u00e1r felesleges, sz\u00e1m\u00e1ra n\u00e9lk\u00fcl\u00f6zhet\u0151, de m\u00e9g m\u00e1soknak haszn\u00e1lhat\u00f3 holmikkal sz\u00edvesen seg\u00edten\u00e9 a r\u00e1szorul\u00f3 csal\u00e1dokat.<\/p>\n<p>A gy\u0171jt\u00e9s helye \u00e9s ideje:<\/p>\n<p>Polg\u00e1rmesteri Hivatal<\/p>\n<p>\u00dcgyf\u00e9lfogad\u00e1si id\u0151ben<\/p>\n<p>H\u00e9tf\u0151 &#8211; Cs\u00fct\u00f6rt\u00f6k<\/p>\n<p>800 \u2013 1600<\/p>\n<p>P\u00e9ntek<\/p>\n<p>800 &#8211; 1400<\/p>\n<p>Sz\u00fcks\u00e9g eset\u00e9n &#8211; el\u0151zetes egyeztet\u00e9s ut\u00e1n &#8211; a falugondnoki j\u00e1rat lak\u00f3helyr\u0151l is \u00f6sszeszedi \u00e9s a gy\u0171jt\u0151helyre sz\u00e1ll\u00edtja a holmikat.<\/p>\n<p>(Falugondnok: Gy\u0151rfi J\u00e1nos, Telefon: 06-30\/701-7653)<\/p>\n<p>A B\u00d6RZE helye \u00e9s ideje:<\/p>\n<p>Kult\u00farh\u00e1z<\/p>\n<p>2021. szeptember 11.<\/p>\n<p>(szombat)<\/p>\n<p>900 &#8211; 1200<\/p>\n<p>1300 \u2013 1500<\/p>\n<p>A B\u00f6rze ingyenes, mindenki kedv\u00e9re v\u00e1logathat!<\/p>\n<p>Tov\u00e1bbi inform\u00e1ci\u00f3:<\/p>\n<p>a k\u00e9pvisel\u0151 test\u00fclet nev\u00e9ben<\/p>\n<p>Szab\u00f3 M\u00f3nika<\/p>\n<p>Telefon: 06-20\/423-5178<\/p>\n<p>&nbsp;<\/p>\n","protected":false},"excerpt":{"rendered":"<div class=\"entry-summary\">\nB\u00d6RZE! A Magyaregresi \u00d6nkorm\u00e1nyzat ism\u00e9t j\u00f3t\u00e9konys\u00e1gi gy\u0171jt\u00e9st szervez (ruha, cip\u0151, j\u00e1t\u00e9k, k\u00f6nyv, \u2026stb. ), melynek c\u00e9lja, hogy a telep\u00fcl\u00e9sen \u00e9l\u0151 lakosok sz\u00fcks\u00e9gleteik szerint ingyen hozz\u00e1juthassanak alapvet\u0151 gyermek \u00e9s feln\u0151tt ruh\u00e1hoz, l\u00e1bbelihez \u00e9s egy\u00e9b eszk\u00f6z\u00f6kh\u00f6z, haszn\u00e1lati cikkekhez, b\u00fatorokhoz. V\u00e1runk minden adom\u00e1nyoz\u00f3t,&hellip;\n<\/div>\n<div class=\"link-more\"><a href=\"https:\/\/magyaregres.eu\/index.php\/2021\/09\/03\/borze-2\/\" class=\"more-link\">Continue reading<span class=\"screen-reader-text\"> &ldquo;B\u00f6rze&rdquo;<\/span>&hellip;<\/a><\/div>\n","protected":false},"author":1,"featured_media":0,"comment_status":"closed","ping_status":"closed","sticky":false,"template":"","format":"standard","meta":{"ngg_post_thumbnail":0,"footnotes":""},"categories":[13],"tags":[16],"class_list":["post-1559","post","type-post","status-publish","format-standard","hentry","category-kozlemenyek","tag-kozlemeny","entry"],"_links":{"self":[{"href":"https:\/\/magyaregres.eu\/index.php\/wp-json\/wp\/v2\/posts\/1559","targetHints":{"allow":["GET"]}}],"collection":[{"href":"https:\/\/magyaregres.eu\/index.php\/wp-json\/wp\/v2\/posts"}],"about":[{"href":"https:\/\/magyaregres.eu\/index.php\/wp-json\/wp\/v2\/types\/post"}],"author":[{"embeddable":true,"href":"https:\/\/magyaregres.eu\/index.php\/wp-json\/wp\/v2\/users\/1"}],"replies":[{"embeddable":true,"href":"https:\/\/magyaregres.eu\/index.php\/wp-json\/wp\/v2\/comments?post=1559"}],"version-history":[{"count":1,"href":"https:\/\/magyaregres.eu\/index.php\/wp-json\/wp\/v2\/posts\/1559\/revisions"}],"predecessor-version":[{"id":1560,"href":"https:\/\/magyaregres.eu\/index.php\/wp-json\/wp\/v2\/posts\/1559\/revisions\/1560"}],"wp:attachment":[{"href":"https:\/\/magyaregres.eu\/index.php\/wp-json\/wp\/v2\/media?parent=1559"}],"wp:term":[{"taxonomy":"category","embeddable":true,"href":"https:\/\/magyaregres.eu\/index.php\/wp-json\/wp\/v2\/categories?post=1559"},{"taxonomy":"post_tag","embeddable":true,"href":"https:\/\/magyaregres.eu\/index.php\/wp-json\/wp\/v2\/tags?post=1559"}],"curies":[{"name":"wp","href":"https:\/\/api.w.org\/{rel}","templated":true}]}}