{"id":1835,"date":"2024-06-27T07:41:53","date_gmt":"2024-06-27T07:41:53","guid":{"rendered":"https:\/\/magyaregres.eu\/?p=1835"},"modified":"2024-06-27T07:41:53","modified_gmt":"2024-06-27T07:41:53","slug":"allashirdetes-2","status":"publish","type":"post","link":"https:\/\/magyaregres.eu\/index.php\/2024\/06\/27\/allashirdetes-2\/","title":{"rendered":"\u00c1ll\u00e1shirdet\u00e9s"},"content":{"rendered":"<p><a href=\"http:\/\/magyaregres.eu\/wp-content\/uploads\/2024\/06\/Screenshot_20240627-093738.jpg\"><img loading=\"lazy\" decoding=\"async\" class=\"alignnone size-medium wp-image-1837\" src=\"http:\/\/magyaregres.eu\/wp-content\/uploads\/2024\/06\/Screenshot_20240627-093738-300x225.jpg\" alt=\"\" width=\"300\" height=\"225\" srcset=\"https:\/\/magyaregres.eu\/wp-content\/uploads\/2024\/06\/Screenshot_20240627-093738-300x225.jpg 300w, https:\/\/magyaregres.eu\/wp-content\/uploads\/2024\/06\/Screenshot_20240627-093738-768x575.jpg 768w, https:\/\/magyaregres.eu\/wp-content\/uploads\/2024\/06\/Screenshot_20240627-093738-600x449.jpg 600w, https:\/\/magyaregres.eu\/wp-content\/uploads\/2024\/06\/Screenshot_20240627-093738.jpg 867w\" sizes=\"auto, (max-width: 300px) 100vw, 300px\" \/><\/a><\/p>\n<p>Somogyj\u00e1di Alapszolg\u00e1ltat\u00e1si K\u00f6zpont \u00e9s<br \/>\n\u201dEgy\u00fctt K\u00f6nnyebb\u201d Id\u0151skor\u00faak Otthona<br \/>\n7443 Somogyj\u00e1d F\u0151 u. 8.<br \/>\nTel: 30\/299-2016, email: sjadcsase@gmail.com<\/p>\n<p>___________________________________________________________________________<\/p>\n<p>Somogyj\u00e1di Alapszolg\u00e1ltat\u00e1si K\u00f6zpont \u00e9s<br \/>\n\u201dEgy\u00fctt K\u00f6nnyebb\u201d Id\u0151skor\u00faak Otthona<\/p>\n<p>\u00e1ll\u00e1st hirdet<\/p>\n<p>Id\u0151sek nappali ell\u00e1t\u00e1sa \u2013szoci\u00e1lis gondoz\u00f3i<br \/>\nmunkak\u00f6r bet\u00f6lt\u00e9s\u00e9re<\/p>\n<p>A k\u00f6zalkalmazotti jogviszony id\u0151tartama: hat\u00e1rozatlan idej\u0171<\/p>\n<p>Foglalkoztat\u00e1s jellege: napi 8 \u00f3ra,<\/p>\n<p>A munkav\u00e9gz\u00e9s helye: 7441 Magyaregres telep\u00fcl\u00e9s<\/p>\n<p>A munkak\u00f6rbe tartoz\u00f3 l\u00e9nyeges feladatok:<br \/>\nSeg\u00edts\u00e9get ny\u00fajt az ig\u00e9nybe vev\u0151 \u00f6n\u00e1ll\u00f3 \u00e9letvitel\u00e9nek fenntart\u00e1s\u00e1ban, a szabadid\u0151 hasznos, kultur\u00e1lt elt\u00f6lt\u00e9s\u00e9ben, az ell\u00e1t\u00e1st ig\u00e9nybe vev\u0151nek a k\u00f6rnyezet\u00e9vel val\u00f3 kapcsolattart\u00e1sban. R\u00e9szv\u00e9tel az egy\u00e9ni \u00e9s csoportos kultur\u00e1lis, szabadid\u0151s, foglalkoztat\u00f3 \u00e9s rehabilit\u00e1ci\u00f3s programok szervez\u00e9s\u00e9ben a gondozott \u00e1llapot\u00e1hoz, \u00e9s ig\u00e9nyeihez igazod\u00f3an.<br \/>\n&#8211; jogszab\u00e1lyban el\u0151\u00edrt dokument\u00e1ci\u00f3 vezet\u00e9se<br \/>\n&#8211; sz\u00fcks\u00e9g eset\u00e9n ell\u00e1tja a helyettes\u00edt\u00e9st h\u00e1zi seg\u00edts\u00e9gny\u00fajt\u00e1sban.<\/p>\n<p>Illetm\u00e9ny \u00e9s juttat\u00e1sok:<br \/>\nAz illetm\u00e9ny meg\u00e1llap\u00edt\u00e1s\u00e1ra \u00e9s a juttat\u00e1sokra a k\u00f6zalkalmazottak jog\u00e1ll\u00e1s\u00e1r\u00f3l sz\u00f3l\u00f3 1992. \u00e9vi XXXIII. t\u00f6rv\u00e9ny ir\u00e1nyad\u00f3<\/p>\n<p>P\u00e1ly\u00e1zati felt\u00e9telek:<br \/>\n\uf0a7 szem\u00e9lyes gondoskod\u00e1st ny\u00fajt\u00f3 szoci\u00e1lis int\u00e9zm\u00e9nyek szakmai feladatair\u00f3l \u00e9s m\u0171k\u00f6d\u00e9s\u00fck felt\u00e9teleir\u0151l sz\u00f3l\u00f3 1\/2000 SzCsM rendelet 3.sz\u00e1m\u00fa mell\u00e9klet\u00e9ben felsorolt v\u00e9gzetts\u00e9g: szoci\u00e1lis gondoz\u00f3 \u00e9s \u00e1pol\u00f3 azonos\u00edt\u00f3 sz\u00e1m: 33 762 01 0010 3302<br \/>\n\uf0a7 felhaszn\u00e1l\u00f3i szint\u0171 sz\u00e1m\u00edt\u00f3g\u00e9p ismeret, Word, Excel, internet haszn\u00e1lat,<br \/>\n\uf0a7 magyar \u00e1llampolg\u00e1rs\u00e1g, b\u00fcntetlen el\u0151\u00e9let, cselekv\u0151k\u00e9pess\u00e9g<\/p>\n<p>A p\u00e1ly\u00e1zat elb\u00edr\u00e1l\u00e1s\u00e1n\u00e1l el\u0151nyt jelent:<br \/>\n\uf0a7 hasonl\u00f3 feladatk\u00f6rben szerzett legal\u00e1bb 1-3 \u00e9v szakmai tapasztalat,<br \/>\n\uf0a7 hat\u00e1rozotts\u00e1g, d\u00f6nt\u00e9sk\u00e9pess\u00e9g, gyakorlatiass\u00e1g, j\u00f3 szervez\u0151k\u00e9szs\u00e9g<\/p>\n<p>A p\u00e1ly\u00e1zat r\u00e9szek\u00e9nt beny\u00fajtand\u00f3 iratok, igazol\u00e1sok:<br \/>\n\uf0a7 erk\u00f6lcsi bizony\u00edtv\u00e1ny, iskolai v\u00e9gzetts\u00e9get tan\u00fas\u00edt\u00f3 oklev\u00e9l m\u00e1solata, szakmai \u00f6n\u00e9letrajz, szakmai munk\u00e1val kapcsolatos j\u00f6v\u0151k\u00e9p, c\u00e9lok, munkav\u00e9gz\u00e9shez k\u00f6t\u0151d\u0151 elk\u00e9pzel\u00e9sek, a p\u00e1ly\u00e1z\u00f3 nyilatkozata arr\u00f3l, hogy p\u00e1ly\u00e1zati anyagban foglalt szem\u00e9lyes adatainak a p\u00e1ly\u00e1zati elj\u00e1r\u00e1ssal \u00f6sszef\u00fcgg\u0151 kezel\u00e9s\u00e9hez hozz\u00e1j\u00e1rul.<\/p>\n<p>A p\u00e1ly\u00e1zat beny\u00fajt\u00e1s\u00e1nak hat\u00e1rideje: 2024. j\u00falius 19.<\/p>\n<p>A p\u00e1ly\u00e1zat elb\u00edr\u00e1l\u00e1s\u00e1nak hat\u00e1rideje: 2024. j\u00falius 22.<\/p>\n<p>A munkak\u00f6r bet\u00f6lthet\u0151s\u00e9g\u00e9nek id\u0151pontja: 2024.08.01.<\/p>\n<p>Jelentkez\u00e9s m\u00f3dja:<br \/>\n&#8211; Szem\u00e9lyesen Visnyei Csaba int\u00e9zm\u00e9nyvezet\u0151n\u00e9l a 30\/506-0881-es telefonsz\u00e1mon<br \/>\n&#8211; \u00d6n\u00e9letrajzokat a sjadcsase@gmail.com c\u00edmre v\u00e1rjuk!<\/p>\n<p>Somogyj\u00e1d 2024. 06. 19.<\/p>\n","protected":false},"excerpt":{"rendered":"<div class=\"entry-summary\">\nSomogyj\u00e1di Alapszolg\u00e1ltat\u00e1si K\u00f6zpont \u00e9s \u201dEgy\u00fctt K\u00f6nnyebb\u201d Id\u0151skor\u00faak Otthona 7443 Somogyj\u00e1d F\u0151 u. 8. Tel: 30\/299-2016, email: sjadcsase@gmail.com ___________________________________________________________________________ Somogyj\u00e1di Alapszolg\u00e1ltat\u00e1si K\u00f6zpont \u00e9s \u201dEgy\u00fctt K\u00f6nnyebb\u201d Id\u0151skor\u00faak Otthona \u00e1ll\u00e1st hirdet Id\u0151sek nappali ell\u00e1t\u00e1sa \u2013szoci\u00e1lis gondoz\u00f3i munkak\u00f6r bet\u00f6lt\u00e9s\u00e9re A k\u00f6zalkalmazotti jogviszony id\u0151tartama: hat\u00e1rozatlan&hellip;\n<\/div>\n<div class=\"link-more\"><a href=\"https:\/\/magyaregres.eu\/index.php\/2024\/06\/27\/allashirdetes-2\/\" class=\"more-link\">Continue reading<span class=\"screen-reader-text\"> &ldquo;\u00c1ll\u00e1shirdet\u00e9s&rdquo;<\/span>&hellip;<\/a><\/div>\n","protected":false},"author":1,"featured_media":0,"comment_status":"closed","ping_status":"closed","sticky":false,"template":"","format":"standard","meta":{"ngg_post_thumbnail":0,"footnotes":""},"categories":[19],"tags":[20],"class_list":["post-1835","post","type-post","status-publish","format-standard","hentry","category-felhivas","tag-felhivas","entry"],"_links":{"self":[{"href":"https:\/\/magyaregres.eu\/index.php\/wp-json\/wp\/v2\/posts\/1835","targetHints":{"allow":["GET"]}}],"collection":[{"href":"https:\/\/magyaregres.eu\/index.php\/wp-json\/wp\/v2\/posts"}],"about":[{"href":"https:\/\/magyaregres.eu\/index.php\/wp-json\/wp\/v2\/types\/post"}],"author":[{"embeddable":true,"href":"https:\/\/magyaregres.eu\/index.php\/wp-json\/wp\/v2\/users\/1"}],"replies":[{"embeddable":true,"href":"https:\/\/magyaregres.eu\/index.php\/wp-json\/wp\/v2\/comments?post=1835"}],"version-history":[{"count":2,"href":"https:\/\/magyaregres.eu\/index.php\/wp-json\/wp\/v2\/posts\/1835\/revisions"}],"predecessor-version":[{"id":1838,"href":"https:\/\/magyaregres.eu\/index.php\/wp-json\/wp\/v2\/posts\/1835\/revisions\/1838"}],"wp:attachment":[{"href":"https:\/\/magyaregres.eu\/index.php\/wp-json\/wp\/v2\/media?parent=1835"}],"wp:term":[{"taxonomy":"category","embeddable":true,"href":"https:\/\/magyaregres.eu\/index.php\/wp-json\/wp\/v2\/categories?post=1835"},{"taxonomy":"post_tag","embeddable":true,"href":"https:\/\/magyaregres.eu\/index.php\/wp-json\/wp\/v2\/tags?post=1835"}],"curies":[{"name":"wp","href":"https:\/\/api.w.org\/{rel}","templated":true}]}}