{"id":1869,"date":"2025-01-30T11:40:45","date_gmt":"2025-01-30T11:40:45","guid":{"rendered":"https:\/\/magyaregres.eu\/?p=1869"},"modified":"2025-01-30T11:40:45","modified_gmt":"2025-01-30T11:40:45","slug":"hirdetmeny-7","status":"publish","type":"post","link":"https:\/\/magyaregres.eu\/index.php\/2025\/01\/30\/hirdetmeny-7\/","title":{"rendered":"Hirdetm\u00e9ny"},"content":{"rendered":"<p style=\"font-weight: 400;\"><strong>A Magyaregres K\u00f6zs\u00e9g \u00d6nkorm\u00e1nyzata a be\u00e9p\u00edtetlen telket megv\u00e9telre k\u00edn\u00e1lja a csatolt \u00e9rt\u00e9kbecsl\u00e9s alapj\u00e1n.<\/strong><\/p>\n<p style=\"font-weight: 400;\"><strong>\u00c9rdekl\u0151dni lehet a k\u00f6vetkez\u0151 telefonsz\u00e1mon:<\/strong><\/p>\n<p style=\"font-weight: 400;\"><strong>Bodor Zolt\u00e1n polg\u00e1rmester 30\/701-7621<\/strong><\/p>\n\n<!-- Generated using Document Gallery. Get yours here: http:\/\/wordpress.org\/extend\/plugins\/document-gallery -->\n<div id=\"document-gallery-1\" class=\"document-gallery\" data-shortcode='{\"id\":1869,\"include\":\"1870\",\"exclude\":\"\",\"attachment_pg\":false,\"columns\":4,\"descriptions\":false,\"fancy\":true,\"limit\":-1,\"mime_types\":\"application,video,text,audio,image\",\"new_window\":false,\"order\":\"ASC\",\"orderby\":\"post__in\",\"paginate\":true,\"post_status\":\"any\",\"post_type\":\"attachment\",\"relation\":\"AND\",\"skip\":0}' style='--dg-icon-width: 24%'>\n<div class='document-icon-row'>\n   <div class=\"document-icon\">\n      <a href=\"https:\/\/magyaregres.eu\/wp-content\/uploads\/2025\/01\/Ingatlanforgalmi-ertekbecsles-Magyaregres-106-7-hrsz.pdf\" target=\"_self\">\n         <img decoding=\"async\" src=\"http:\/\/magyaregres.eu\/wp-content\/uploads\/2025\/01\/Ingatlanforgalmi-ertekbecsles-Magyaregres-106-7-hrsz-thumb.png\" title=\"Ingatlanforgalmi \u00e9rt\u00e9kbecsl\u00e9s &#8211; Magyaregres 106-7 hrsz\" alt=\"Ingatlanforgalmi \u00e9rt\u00e9kbecsl\u00e9s &#8211; Magyaregres 106-7 hrsz\" data-ext=\"pdf\"\/>\n         <span class=\"title\">Ingatlanforgalmi \u00e9rt\u00e9kbecsl\u00e9s &#8211; Magyaregres 106-7 hrsz<\/span>\n      <\/a>\n   <\/div>\n\n<\/div>\n<\/div>\n","protected":false},"excerpt":{"rendered":"<div class=\"entry-summary\">\nA Magyaregres K\u00f6zs\u00e9g \u00d6nkorm\u00e1nyzata a be\u00e9p\u00edtetlen telket megv\u00e9telre k\u00edn\u00e1lja a csatolt \u00e9rt\u00e9kbecsl\u00e9s alapj\u00e1n. \u00c9rdekl\u0151dni lehet a k\u00f6vetkez\u0151 telefonsz\u00e1mon: Bodor Zolt\u00e1n polg\u00e1rmester 30\/701-7621\n<\/div>\n<div class=\"link-more\"><a href=\"https:\/\/magyaregres.eu\/index.php\/2025\/01\/30\/hirdetmeny-7\/\" class=\"more-link\">Continue reading<span class=\"screen-reader-text\"> &ldquo;Hirdetm\u00e9ny&rdquo;<\/span>&hellip;<\/a><\/div>\n","protected":false},"author":1,"featured_media":0,"comment_status":"closed","ping_status":"closed","sticky":false,"template":"","format":"standard","meta":{"ngg_post_thumbnail":0,"footnotes":""},"categories":[19],"tags":[20],"class_list":["post-1869","post","type-post","status-publish","format-standard","hentry","category-felhivas","tag-felhivas","entry"],"_links":{"self":[{"href":"https:\/\/magyaregres.eu\/index.php\/wp-json\/wp\/v2\/posts\/1869","targetHints":{"allow":["GET"]}}],"collection":[{"href":"https:\/\/magyaregres.eu\/index.php\/wp-json\/wp\/v2\/posts"}],"about":[{"href":"https:\/\/magyaregres.eu\/index.php\/wp-json\/wp\/v2\/types\/post"}],"author":[{"embeddable":true,"href":"https:\/\/magyaregres.eu\/index.php\/wp-json\/wp\/v2\/users\/1"}],"replies":[{"embeddable":true,"href":"https:\/\/magyaregres.eu\/index.php\/wp-json\/wp\/v2\/comments?post=1869"}],"version-history":[{"count":1,"href":"https:\/\/magyaregres.eu\/index.php\/wp-json\/wp\/v2\/posts\/1869\/revisions"}],"predecessor-version":[{"id":1871,"href":"https:\/\/magyaregres.eu\/index.php\/wp-json\/wp\/v2\/posts\/1869\/revisions\/1871"}],"wp:attachment":[{"href":"https:\/\/magyaregres.eu\/index.php\/wp-json\/wp\/v2\/media?parent=1869"}],"wp:term":[{"taxonomy":"category","embeddable":true,"href":"https:\/\/magyaregres.eu\/index.php\/wp-json\/wp\/v2\/categories?post=1869"},{"taxonomy":"post_tag","embeddable":true,"href":"https:\/\/magyaregres.eu\/index.php\/wp-json\/wp\/v2\/tags?post=1869"}],"curies":[{"name":"wp","href":"https:\/\/api.w.org\/{rel}","templated":true}]}}