{"id":83,"date":"2015-03-08T15:50:10","date_gmt":"2015-03-08T15:50:10","guid":{"rendered":"http:\/\/magyaregres.freevar.com\/oldal\/?p=1"},"modified":"2019-10-03T15:35:55","modified_gmt":"2019-10-03T15:35:55","slug":"hello-world-2","status":"publish","type":"post","link":"https:\/\/magyaregres.eu\/index.php\/2015\/03\/08\/hello-world-2\/","title":{"rendered":"7 2015 II.17. MvM rendelet megjelen\u00e9se \u2013 Leader"},"content":{"rendered":"<p><img loading=\"lazy\" decoding=\"async\" class=\" alignleft\" src=\"http:\/\/juta.hu\/wp1\/wp-content\/uploads\/2015\/01\/%C3%A9leeader.jpg\" alt=\"\" width=\"499\" height=\"127\" \/><\/p>\n<p>&nbsp;<\/p>\n<p>&nbsp;<\/p>\n<p>&nbsp;<\/p>\n<p>&nbsp;<\/p>\n<p><b>Tisztelt Partnereink!<\/b><\/p>\n<p>T\u00e1j\u00e9koztatjuk \u00d6n\u00f6ket, hogy megjelent az Eur\u00f3pai Mez\u0151gazdas\u00e1gi Vid\u00e9kfejleszt\u00e9si Alap t\u00e1rsfinansz\u00edroz\u00e1s\u00e1ban megval\u00f3sul\u00f3 egyes agr\u00e1r-vid\u00e9kfejleszt\u00e9si t\u00e1mogat\u00e1si rendeletek m\u00f3dos\u00edt\u00e1s\u00e1r\u00f3l sz\u00f3l\u00f3 7\/2015. (II.17.) MvM rendelet.<\/p>\n<p>A rendelet az al\u00e1bbi linken kereszt\u00fcl el\u00e9rhet\u0151:<\/p>\n<p><a href=\"http:\/\/www.magyarkozlony.hu\/dokumentumok\/d160808a0d788a5f0c3742a4f3198cd920b43c07\/megtekintes\">http:\/\/www.magyarkozlony.hu\/dokumentumok\/<\/a><\/p>\n<p><a href=\"http:\/\/www.magyarkozlony.hu\/dokumentumok\/d160808a0d788a5f0c3742a4f3198cd920b43c07\/megtekintes\">d160808a0d788a5f0c3742a4f3198cd920b43c07\/megtekintes<\/a><\/p>\n<p>Az MvM rendelet tartalmazza t\u00f6bbek k\u00f6z\u00f6tt a Helyi Vid\u00e9kfejleszt\u00e9si Strat\u00e9gi\u00e1k LEADER<br \/>\nfejezet\u00e9nek v\u00e9grehajt\u00e1s\u00e1hoz 2013-ban ny\u00fajtand\u00f3 t\u00e1mogat\u00e1sok r\u00e9szletes felt\u00e9teleir\u0151l sz\u00f3l\u00f3 35\/2013. (V.22.) VM rendelet m\u00f3dos\u00edt\u00e1s\u00e1t, mely szerint a<\/p>\n<p>3. \u00a7 (7) bekezd\u00e9se hely\u00e9be a k\u00f6vetkez\u0151 rendelkez\u00e9s l\u00e9p:<br \/>\n\u201e(7) A t\u00e1mogat\u00e1si hat\u00e1rozattal j\u00f3v\u00e1hagyott m\u0171veletet 2015. m\u00e1jus 31. napj\u00e1ig kell megval\u00f3s\u00edtani.\u201d<\/p>\n<p>(2) A 35\/2013. (V. 22.) VM rendelet 17. \u00a7 (5) hely\u00e9be a k\u00f6vetkez\u0151 rendelkez\u00e9s l\u00e9p:<br \/>\n\u201e(5) Kifizet\u00e9si k\u00e9relem legk\u00e9s\u0151bb 2015. augusztus 31. napj\u00e1ig ny\u00fajthat\u00f3 be.\u201d<\/p>\n<p><strong><strong>\u00a0<\/strong><\/strong><\/p>\n<p>Tisztelettel:<\/p>\n<p>\u00c9szak-Kaposi Partnerek VFE Munkaszervezete<\/p>\n<p>El\u00e9rhet\u0151s\u00e9geink:<\/p>\n<p><a href=\"http:\/\/ek-p.hu\/?q=node\/7\">http:\/\/ek-p.hu\/?q=node\/7<\/a><\/p>\n<p><img loading=\"lazy\" decoding=\"async\" class=\"alignnone\" src=\"http:\/\/juta.hu\/wp1\/wp-content\/uploads\/2015\/01\/leal%C3%A1b.jpg\" alt=\"\" width=\"461\" height=\"82\" \/><\/p>\n","protected":false},"excerpt":{"rendered":"<div class=\"entry-summary\">\n&nbsp; &nbsp; &nbsp; &nbsp; Tisztelt Partnereink! T\u00e1j\u00e9koztatjuk \u00d6n\u00f6ket, hogy megjelent az Eur\u00f3pai Mez\u0151gazdas\u00e1gi Vid\u00e9kfejleszt\u00e9si Alap t\u00e1rsfinansz\u00edroz\u00e1s\u00e1ban megval\u00f3sul\u00f3 egyes agr\u00e1r-vid\u00e9kfejleszt\u00e9si t\u00e1mogat\u00e1si rendeletek m\u00f3dos\u00edt\u00e1s\u00e1r\u00f3l sz\u00f3l\u00f3 7\/2015. (II.17.) MvM rendelet. A rendelet az al\u00e1bbi linken kereszt\u00fcl el\u00e9rhet\u0151: http:\/\/www.magyarkozlony.hu\/dokumentumok\/ d160808a0d788a5f0c3742a4f3198cd920b43c07\/megtekintes Az MvM rendelet tartalmazza&hellip;\n<\/div>\n<div class=\"link-more\"><a href=\"https:\/\/magyaregres.eu\/index.php\/2015\/03\/08\/hello-world-2\/\" class=\"more-link\">Continue reading<span class=\"screen-reader-text\"> &ldquo;7 2015 II.17. MvM rendelet megjelen\u00e9se \u2013 Leader&rdquo;<\/span>&hellip;<\/a><\/div>\n","protected":false},"author":1,"featured_media":0,"comment_status":"closed","ping_status":"closed","sticky":false,"template":"","format":"standard","meta":{"ngg_post_thumbnail":0,"footnotes":""},"categories":[13],"tags":[3],"class_list":["post-83","post","type-post","status-publish","format-standard","hentry","category-kozlemenyek","tag-leader","entry"],"_links":{"self":[{"href":"https:\/\/magyaregres.eu\/index.php\/wp-json\/wp\/v2\/posts\/83","targetHints":{"allow":["GET"]}}],"collection":[{"href":"https:\/\/magyaregres.eu\/index.php\/wp-json\/wp\/v2\/posts"}],"about":[{"href":"https:\/\/magyaregres.eu\/index.php\/wp-json\/wp\/v2\/types\/post"}],"author":[{"embeddable":true,"href":"https:\/\/magyaregres.eu\/index.php\/wp-json\/wp\/v2\/users\/1"}],"replies":[{"embeddable":true,"href":"https:\/\/magyaregres.eu\/index.php\/wp-json\/wp\/v2\/comments?post=83"}],"version-history":[{"count":1,"href":"https:\/\/magyaregres.eu\/index.php\/wp-json\/wp\/v2\/posts\/83\/revisions"}],"predecessor-version":[{"id":1353,"href":"https:\/\/magyaregres.eu\/index.php\/wp-json\/wp\/v2\/posts\/83\/revisions\/1353"}],"wp:attachment":[{"href":"https:\/\/magyaregres.eu\/index.php\/wp-json\/wp\/v2\/media?parent=83"}],"wp:term":[{"taxonomy":"category","embeddable":true,"href":"https:\/\/magyaregres.eu\/index.php\/wp-json\/wp\/v2\/categories?post=83"},{"taxonomy":"post_tag","embeddable":true,"href":"https:\/\/magyaregres.eu\/index.php\/wp-json\/wp\/v2\/tags?post=83"}],"curies":[{"name":"wp","href":"https:\/\/api.w.org\/{rel}","templated":true}]}}